{"id":399,"date":"2020-03-01T15:59:36","date_gmt":"2020-03-01T14:59:36","guid":{"rendered":"http:\/\/www.taxnetto.pl\/?p=399"},"modified":"2020-07-07T16:01:21","modified_gmt":"2020-07-07T14:01:21","slug":"samochod-osobowy-w-firmie-w-cz-1","status":"publish","type":"post","link":"https:\/\/www.taxnetto.pl\/index.php\/2020\/03\/01\/samochod-osobowy-w-firmie-w-cz-1\/","title":{"rendered":"Samoch\u00f3d osobowy w firmie w cz.1"},"content":{"rendered":"\n<p>Zgodnie z nowelizacj\u0105 ustawy PIT, oraz ustawy CIT, od 01-01-2019 wesz\u0142y w \u017cycie nowe przepisy dotycz\u0105ce rozliczania koszt\u00f3w zwi\u0105zanych z nabywaniem <strong>u\u017cytkowaniem samochod\u00f3w osobowych<\/strong> do cel\u00f3w zwi\u0105zanych z dzia\u0142alno\u015bci\u0105 gospodarcz\u0105.<\/p>\n\n\n\n<p>Od 2019 roku przedsi\u0119biorcy wykorzystuj\u0105cy w swojej dzia\u0142alno\u015bci samochody osobowe, kt\u00f3re wykorzystywane s\u0105 tak\u017ce prywatnie, mog\u0105 zalicza\u0107 w koszty uzyskania przychodu <strong>jedynie 75% wydatk\u00f3w zwi\u0105zanych z eksploatacj\u0105 samochodu&nbsp; czyli: <\/strong>paliwa, naprawy, cz\u0119\u015bci zamienne, autostrady, op\u0142aty parkingowe itd.<\/p>\n\n\n\n<p>W praktyce oznacza to <strong>zmniejszenie warto\u015bci koszt\u00f3w podatkowych<\/strong> i zwi\u0119kszenie podstawy &nbsp;opodatkowania, a co za tym idzie <strong>zwi\u0119kszenie podatku dochodowego<\/strong>.<\/p>\n\n\n\n<p>Zmiana ta dotyczy wszystkich <strong>samochod\u00f3w osobowych<\/strong>, czyli nie tylko tych <strong>nabytych w roku 2019<\/strong>, ale r\u00f3wnie\u017c tych, kt\u00f3re <strong>by\u0142y u\u017cytkowane<\/strong> w dzia\u0142alno\u015bci gospodarczej wcze\u015bniej.<\/p>\n\n\n\n<p>Oczywi\u015bcie zmiana dotyczy wydatk\u00f3w od 2019 roku.<\/p>\n\n\n\n<p>W przypadku samochod\u00f3w u\u017cytkowanych tylko i wy\u0142\u0105cznie w celach firmowych, koszt stanowi\u0107 b\u0119dzie nadal 100% wydatk\u00f3w zwi\u0105zanych z ich u\u017cytkowaniem. Praktyka zwi\u0105zana z podobnym ograniczeniem w podatku VAT, pokazuje jednak, \u017ce bardzo niewielu przedsi\u0119biorc\u00f3w decyduje si\u0119 na takie rozwi\u0105zanie w przypadku <strong>samochod\u00f3w osobowych<\/strong>.<\/p>\n\n\n\n<p>Tekst ustawy z dnia 23-10-2018:<\/p>\n\n\n\n<p><a href=\"http:\/\/orka.sejm.gov.pl\/opinie8.nsf\/nazwa\/2854_u\/$file\/2854_u.pdf\">http:\/\/orka.sejm.gov.pl\/opinie8.nsf\/nazwa\/2854_u\/$file\/2854_u.pdf<\/a><strong>W kolejnej cz\u0119\u015bci leasing samochod\u00f3w osobowych od 2019r.<\/strong><\/p>\n","protected":false},"excerpt":{"rendered":"<p>Zgodnie z nowelizacj\u0105 ustawy PIT, oraz ustawy CIT, od 01-01-2019 wesz\u0142y w \u017cycie nowe przepisy dotycz\u0105ce rozliczania koszt\u00f3w zwi\u0105zanych z nabywaniem u\u017cytkowaniem samochod\u00f3w osobowych do cel\u00f3w zwi\u0105zanych z dzia\u0142alno\u015bci\u0105 gospodarcz\u0105. Od 2019 roku przedsi\u0119biorcy wykorzystuj\u0105cy w swojej dzia\u0142alno\u015bci samochody osobowe, [&hellip;]<\/p>\n","protected":false},"author":1,"featured_media":0,"comment_status":"open","ping_status":"open","sticky":false,"template":"","format":"standard","meta":[],"categories":[1],"tags":[],"_links":{"self":[{"href":"https:\/\/www.taxnetto.pl\/index.php\/wp-json\/wp\/v2\/posts\/399"}],"collection":[{"href":"https:\/\/www.taxnetto.pl\/index.php\/wp-json\/wp\/v2\/posts"}],"about":[{"href":"https:\/\/www.taxnetto.pl\/index.php\/wp-json\/wp\/v2\/types\/post"}],"author":[{"embeddable":true,"href":"https:\/\/www.taxnetto.pl\/index.php\/wp-json\/wp\/v2\/users\/1"}],"replies":[{"embeddable":true,"href":"https:\/\/www.taxnetto.pl\/index.php\/wp-json\/wp\/v2\/comments?post=399"}],"version-history":[{"count":2,"href":"https:\/\/www.taxnetto.pl\/index.php\/wp-json\/wp\/v2\/posts\/399\/revisions"}],"predecessor-version":[{"id":401,"href":"https:\/\/www.taxnetto.pl\/index.php\/wp-json\/wp\/v2\/posts\/399\/revisions\/401"}],"wp:attachment":[{"href":"https:\/\/www.taxnetto.pl\/index.php\/wp-json\/wp\/v2\/media?parent=399"}],"wp:term":[{"taxonomy":"category","embeddable":true,"href":"https:\/\/www.taxnetto.pl\/index.php\/wp-json\/wp\/v2\/categories?post=399"},{"taxonomy":"post_tag","embeddable":true,"href":"https:\/\/www.taxnetto.pl\/index.php\/wp-json\/wp\/v2\/tags?post=399"}],"curies":[{"name":"wp","href":"https:\/\/api.w.org\/{rel}","templated":true}]}}